{"id":1574,"date":"2022-07-28T11:24:50","date_gmt":"2022-07-28T09:24:50","guid":{"rendered":"https:\/\/www.ff-treffelsdorf.at\/?p=1574"},"modified":"2022-07-28T12:31:41","modified_gmt":"2022-07-28T10:31:41","slug":"holz-lkw-kam-von-der-fahrbahn-ab","status":"publish","type":"post","link":"https:\/\/www.ff-treffelsdorf.at\/?p=1574","title":{"rendered":"Holz-LKW von Fahrbahn abgekommen"},"content":{"rendered":"\n<p>Am 28.07.2022 um 7:44 wurden wir zu einem technischen Einsatz gerufen, welcher sich auf der L93a S\u00f6rger Landestra\u00dfe ereignete. Ein mit Holz beladener LKW war, nach einem Ausweichman\u00f6ver, von der Fahrbahn abgekommen und drohte einen kleinen Hang hinunter zu rutschen. <\/p>\n\n\n\n<p>Sofort wurde die Unfallstelle weitr\u00e4umig abgesperrt und der Verkehr \u00fcber Treffelsdorf umgeleitet. Um das schwere Gespann ausreichend vor dem weiteren Abgleiten zu sichern, wurde das SRF-K der Freiwilligen Feuerwehr St.Veit an der Glan angefordert.<\/p>\n\n\n\n<p>Ein weiterer Holz-LKW \u00fcbernahm die Umschilichtung der Ladung womit das Gewicht verringert wurde und eine Bergung erm\u00f6glichte. Nach rund zwei Stunden konnte das Fahrzeug von der Firma <a href=\"https:\/\/www.auto-freithofnig.at\/\">Auto Freithofnig GmbH &amp; Co KG<\/a> erfolgreich zur\u00fcck auf die Stra\u00dfe gebracht werden. <\/p>\n\n\n\n<p><\/p>\n\n\n\n<p>Im Einsatz Standen: <\/p>\n\n\n\n<p>Freiwillige Feuerwehr Treffelsdorf (14 Mann\/Frau)<\/p>\n\n\n\n<p>Freiwillige Feuerwehr St. Veit an der Glan <\/p>\n\n\n\n<p>Firma Auto Freithofnig GmbH &amp; Co KG<\/p>\n\n\n\n<p>Polizei<\/p>\n\n\n\n<p>*Wir bedanken uns f\u00fcr die gute Zusammenarbeit<\/p>\n\n\n\n<p><\/p>\n\n\n\n<p><\/p>\n\n\n\n<p><\/p>\n\n\n\n<figure class=\"wp-block-image size-large is-resized\"><img fetchpriority=\"high\" decoding=\"async\" src=\"https:\/\/www.ff-treffelsdorf.at\/wp-content\/uploads\/2022\/07\/WhatsApp-Image-2022-07-28-at-08.29.28-1024x768.jpeg\" alt=\"\" class=\"wp-image-1580\" width=\"512\" height=\"384\"\/><\/figure>\n\n\n\n<figure class=\"wp-block-image size-large is-resized\"><img decoding=\"async\" src=\"https:\/\/www.ff-treffelsdorf.at\/wp-content\/uploads\/2022\/07\/WhatsApp-Image-2022-07-28-at-08.29.27-883x1024.jpeg\" alt=\"\" class=\"wp-image-1579\" width=\"442\" height=\"512\"\/><\/figure>\n\n\n\n<figure class=\"wp-block-image size-large is-resized\"><img decoding=\"async\" src=\"https:\/\/www.ff-treffelsdorf.at\/wp-content\/uploads\/2022\/07\/WhatsApp-Image-2022-07-28-at-08.29.26-768x1024.jpeg\" alt=\"\" class=\"wp-image-1578\" width=\"384\" height=\"512\"\/><\/figure>\n\n\n\n<figure class=\"wp-block-image size-large is-resized\"><img loading=\"lazy\" decoding=\"async\" src=\"https:\/\/www.ff-treffelsdorf.at\/wp-content\/uploads\/2022\/07\/WhatsApp-Image-2022-07-28-at-10.10.07-462x1024.jpeg\" alt=\"\" class=\"wp-image-1577\" width=\"231\" height=\"512\"\/><\/figure>\n","protected":false},"excerpt":{"rendered":"<p>Am 28.07.2022 um 7:44 wurden wir zu einem technischen Einsatz gerufen, welcher sich auf der L93a S\u00f6rger Landestra\u00dfe ereignete. Ein mit Holz beladener LKW war, nach einem Ausweichman\u00f6ver, von der Fahrbahn abgekommen und drohte einen kleinen Hang hinunter zu rutschen. Sofort wurde die Unfallstelle weitr\u00e4umig abgesperrt und der Verkehr \u00fcber Treffelsdorf umgeleitet. Um das schwere<\/p><\/div>\n<div class=\"blog-btn\"><a href=\"https:\/\/www.ff-treffelsdorf.at\/?p=1574\" class=\"home-blog-btn\">Weiterlesen<\/a><\/p>\n","protected":false},"author":1,"featured_media":1579,"comment_status":"closed","ping_status":"open","sticky":false,"template":"","format":"standard","meta":{"footnotes":""},"categories":[1,5],"tags":[],"class_list":["post-1574","post","type-post","status-publish","format-standard","has-post-thumbnail","hentry","category-allgemein","category-einsatz"],"_links":{"self":[{"href":"https:\/\/www.ff-treffelsdorf.at\/index.php?rest_route=\/wp\/v2\/posts\/1574","targetHints":{"allow":["GET"]}}],"collection":[{"href":"https:\/\/www.ff-treffelsdorf.at\/index.php?rest_route=\/wp\/v2\/posts"}],"about":[{"href":"https:\/\/www.ff-treffelsdorf.at\/index.php?rest_route=\/wp\/v2\/types\/post"}],"author":[{"embeddable":true,"href":"https:\/\/www.ff-treffelsdorf.at\/index.php?rest_route=\/wp\/v2\/users\/1"}],"replies":[{"embeddable":true,"href":"https:\/\/www.ff-treffelsdorf.at\/index.php?rest_route=%2Fwp%2Fv2%2Fcomments&post=1574"}],"version-history":[{"count":7,"href":"https:\/\/www.ff-treffelsdorf.at\/index.php?rest_route=\/wp\/v2\/posts\/1574\/revisions"}],"predecessor-version":[{"id":1588,"href":"https:\/\/www.ff-treffelsdorf.at\/index.php?rest_route=\/wp\/v2\/posts\/1574\/revisions\/1588"}],"wp:featuredmedia":[{"embeddable":true,"href":"https:\/\/www.ff-treffelsdorf.at\/index.php?rest_route=\/wp\/v2\/media\/1579"}],"wp:attachment":[{"href":"https:\/\/www.ff-treffelsdorf.at\/index.php?rest_route=%2Fwp%2Fv2%2Fmedia&parent=1574"}],"wp:term":[{"taxonomy":"category","embeddable":true,"href":"https:\/\/www.ff-treffelsdorf.at\/index.php?rest_route=%2Fwp%2Fv2%2Fcategories&post=1574"},{"taxonomy":"post_tag","embeddable":true,"href":"https:\/\/www.ff-treffelsdorf.at\/index.php?rest_route=%2Fwp%2Fv2%2Ftags&post=1574"}],"curies":[{"name":"wp","href":"https:\/\/api.w.org\/{rel}","templated":true}]}}