{"id":1721,"date":"2022-11-29T18:54:59","date_gmt":"2022-11-29T17:54:59","guid":{"rendered":"https:\/\/www.ff-treffelsdorf.at\/?p=1721"},"modified":"2022-11-29T19:31:03","modified_gmt":"2022-11-29T18:31:03","slug":"grossbrand-in-st-veit-glan","status":"publish","type":"post","link":"https:\/\/www.ff-treffelsdorf.at\/?p=1721","title":{"rendered":"Gro\u00dfbrand in St. Veit\/Glan"},"content":{"rendered":"\n<p>Am 14.11.2022 wurden wir gemeinsam mit 9 Feuerwehren zu einem Lagerhallenbrand ins Gewerbegebiet von St. Veit an der Glan alarmiert. Vor Ort fanden wir eine in Vollbrand stehende Lagerhalle vor, in welcher sich auch eine KFZ-Werkst\u00e4tte und B\u00fcros befanden. Im Innenangriff k\u00e4mpften mehrere Atemschutztrupps gegen die Flammen. Der Au\u00dfenangriffs wurde von zwei Drehleitern durchgef\u00fchrt.<\/p>\n\n\n\n<figure class=\"wp-block-gallery has-nested-images columns-default is-cropped wp-block-gallery-1 is-layout-flex wp-block-gallery-is-layout-flex\">\n<figure class=\"wp-block-image size-large\"><img fetchpriority=\"high\" decoding=\"async\" width=\"1024\" height=\"768\" data-id=\"1724\" src=\"https:\/\/www.ff-treffelsdorf.at\/wp-content\/uploads\/2022\/11\/Brand-Lagerhalle-1.jpg\" alt=\"\" class=\"wp-image-1724\" srcset=\"https:\/\/www.ff-treffelsdorf.at\/wp-content\/uploads\/2022\/11\/Brand-Lagerhalle-1.jpg 1024w, https:\/\/www.ff-treffelsdorf.at\/wp-content\/uploads\/2022\/11\/Brand-Lagerhalle-1-300x225.jpg 300w, https:\/\/www.ff-treffelsdorf.at\/wp-content\/uploads\/2022\/11\/Brand-Lagerhalle-1-768x576.jpg 768w\" sizes=\"(max-width: 1024px) 100vw, 1024px\" \/><\/figure>\n\n\n\n<figure class=\"wp-block-image size-large\"><img decoding=\"async\" width=\"1024\" height=\"768\" data-id=\"1726\" src=\"https:\/\/www.ff-treffelsdorf.at\/wp-content\/uploads\/2022\/11\/Brand-Lagerhalle-2-1024x768.jpg\" alt=\"\" class=\"wp-image-1726\" srcset=\"https:\/\/www.ff-treffelsdorf.at\/wp-content\/uploads\/2022\/11\/Brand-Lagerhalle-2-1024x768.jpg 1024w, https:\/\/www.ff-treffelsdorf.at\/wp-content\/uploads\/2022\/11\/Brand-Lagerhalle-2-300x225.jpg 300w, https:\/\/www.ff-treffelsdorf.at\/wp-content\/uploads\/2022\/11\/Brand-Lagerhalle-2-768x576.jpg 768w, https:\/\/www.ff-treffelsdorf.at\/wp-content\/uploads\/2022\/11\/Brand-Lagerhalle-2-1536x1152.jpg 1536w, https:\/\/www.ff-treffelsdorf.at\/wp-content\/uploads\/2022\/11\/Brand-Lagerhalle-2.jpg 2000w\" sizes=\"(max-width: 1024px) 100vw, 1024px\" \/><\/figure>\n\n\n\n<figure class=\"wp-block-image size-large\"><img decoding=\"async\" width=\"766\" height=\"1024\" data-id=\"1725\" src=\"https:\/\/www.ff-treffelsdorf.at\/wp-content\/uploads\/2022\/11\/Brand-Lagerhalle-3-766x1024.jpg\" alt=\"\" class=\"wp-image-1725\" srcset=\"https:\/\/www.ff-treffelsdorf.at\/wp-content\/uploads\/2022\/11\/Brand-Lagerhalle-3-766x1024.jpg 766w, https:\/\/www.ff-treffelsdorf.at\/wp-content\/uploads\/2022\/11\/Brand-Lagerhalle-3-224x300.jpg 224w, https:\/\/www.ff-treffelsdorf.at\/wp-content\/uploads\/2022\/11\/Brand-Lagerhalle-3-768x1027.jpg 768w, https:\/\/www.ff-treffelsdorf.at\/wp-content\/uploads\/2022\/11\/Brand-Lagerhalle-3-1149x1536.jpg 1149w, https:\/\/www.ff-treffelsdorf.at\/wp-content\/uploads\/2022\/11\/Brand-Lagerhalle-3.jpg 1532w\" sizes=\"(max-width: 766px) 100vw, 766px\" \/><\/figure>\n<\/figure>\n","protected":false},"excerpt":{"rendered":"<p>Am 14.11.2022 wurden wir gemeinsam mit 9 Feuerwehren zu einem Lagerhallenbrand ins Gewerbegebiet von St. Veit an der Glan alarmiert. Vor Ort fanden wir eine in Vollbrand stehende Lagerhalle vor, in welcher sich auch eine KFZ-Werkst\u00e4tte und B\u00fcros befanden. Im Innenangriff k\u00e4mpften mehrere Atemschutztrupps gegen die Flammen. Der Au\u00dfenangriffs wurde von zwei Drehleitern durchgef\u00fchrt.<\/p>\n","protected":false},"author":2,"featured_media":1725,"comment_status":"open","ping_status":"open","sticky":false,"template":"","format":"standard","meta":{"footnotes":""},"categories":[1,5],"tags":[],"class_list":["post-1721","post","type-post","status-publish","format-standard","has-post-thumbnail","hentry","category-allgemein","category-einsatz"],"_links":{"self":[{"href":"https:\/\/www.ff-treffelsdorf.at\/index.php?rest_route=\/wp\/v2\/posts\/1721","targetHints":{"allow":["GET"]}}],"collection":[{"href":"https:\/\/www.ff-treffelsdorf.at\/index.php?rest_route=\/wp\/v2\/posts"}],"about":[{"href":"https:\/\/www.ff-treffelsdorf.at\/index.php?rest_route=\/wp\/v2\/types\/post"}],"author":[{"embeddable":true,"href":"https:\/\/www.ff-treffelsdorf.at\/index.php?rest_route=\/wp\/v2\/users\/2"}],"replies":[{"embeddable":true,"href":"https:\/\/www.ff-treffelsdorf.at\/index.php?rest_route=%2Fwp%2Fv2%2Fcomments&post=1721"}],"version-history":[{"count":6,"href":"https:\/\/www.ff-treffelsdorf.at\/index.php?rest_route=\/wp\/v2\/posts\/1721\/revisions"}],"predecessor-version":[{"id":1737,"href":"https:\/\/www.ff-treffelsdorf.at\/index.php?rest_route=\/wp\/v2\/posts\/1721\/revisions\/1737"}],"wp:featuredmedia":[{"embeddable":true,"href":"https:\/\/www.ff-treffelsdorf.at\/index.php?rest_route=\/wp\/v2\/media\/1725"}],"wp:attachment":[{"href":"https:\/\/www.ff-treffelsdorf.at\/index.php?rest_route=%2Fwp%2Fv2%2Fmedia&parent=1721"}],"wp:term":[{"taxonomy":"category","embeddable":true,"href":"https:\/\/www.ff-treffelsdorf.at\/index.php?rest_route=%2Fwp%2Fv2%2Fcategories&post=1721"},{"taxonomy":"post_tag","embeddable":true,"href":"https:\/\/www.ff-treffelsdorf.at\/index.php?rest_route=%2Fwp%2Fv2%2Ftags&post=1721"}],"curies":[{"name":"wp","href":"https:\/\/api.w.org\/{rel}","templated":true}]}}