{"id":1780,"date":"2023-03-04T11:36:37","date_gmt":"2023-03-04T10:36:37","guid":{"rendered":"https:\/\/www.ff-treffelsdorf.at\/?p=1780"},"modified":"2023-03-15T16:33:09","modified_gmt":"2023-03-15T15:33:09","slug":"brandeinsatz-in-st-veit-an-der-glan-2","status":"publish","type":"post","link":"https:\/\/www.ff-treffelsdorf.at\/?p=1780","title":{"rendered":"Brandeinsatz in St.Veit an der Glan"},"content":{"rendered":"\n<p>Am 19.02.2023 brach in der Friesacher Stra\u00dfe, in St.Veit an der Glan, ein Brand in einem Geb\u00e4ude aus. Da sich der Brand weiter ausbreitete wurde die Feuerwehr Treffelsdorf um 17:32 von der Einnsatzleitung nachalarmiert. Das TLF-A, inklusive Atemmschutztrupp, wirkte bei der direkten Brandbek\u00e4mpfung mit und das KLF-A \u00fcbernahm die Aufgabe der Erstellung einer Zubringerleitung. Unser MZF war mit AFK Ertl in der F\u00fchrungsunterst\u00fctzung t\u00e4tig. Um ca. 23:15 Uhr waren wir wieder im R\u00fcsthaus und haben die Einsatzbereitschaft wieder hergestellt.<\/p>\n\n\n\n<p>Wir bedanken uns bei allen mitgewirkten Einsatzkr\u00e4ften f\u00fcr die reibungslose Zusammenarbeit.<\/p>\n\n\n\n<p><\/p>\n","protected":false},"excerpt":{"rendered":"<p>Am 19.02.2023 brach in der Friesacher Stra\u00dfe, in St.Veit an der Glan, ein Brand in einem Geb\u00e4ude aus. Da sich der Brand weiter ausbreitete wurde die Feuerwehr Treffelsdorf um 17:32 von der Einnsatzleitung nachalarmiert. Das TLF-A, inklusive Atemmschutztrupp, wirkte bei der direkten Brandbek\u00e4mpfung mit und das KLF-A \u00fcbernahm die Aufgabe der Erstellung einer Zubringerleitung. Unser<\/p><\/div>\n<div class=\"blog-btn\"><a href=\"https:\/\/www.ff-treffelsdorf.at\/?p=1780\" class=\"home-blog-btn\">Weiterlesen<\/a><\/p>\n","protected":false},"author":2,"featured_media":1781,"comment_status":"open","ping_status":"open","sticky":false,"template":"","format":"standard","meta":{"footnotes":""},"categories":[1,5],"tags":[],"class_list":["post-1780","post","type-post","status-publish","format-standard","has-post-thumbnail","hentry","category-allgemein","category-einsatz"],"_links":{"self":[{"href":"https:\/\/www.ff-treffelsdorf.at\/index.php?rest_route=\/wp\/v2\/posts\/1780","targetHints":{"allow":["GET"]}}],"collection":[{"href":"https:\/\/www.ff-treffelsdorf.at\/index.php?rest_route=\/wp\/v2\/posts"}],"about":[{"href":"https:\/\/www.ff-treffelsdorf.at\/index.php?rest_route=\/wp\/v2\/types\/post"}],"author":[{"embeddable":true,"href":"https:\/\/www.ff-treffelsdorf.at\/index.php?rest_route=\/wp\/v2\/users\/2"}],"replies":[{"embeddable":true,"href":"https:\/\/www.ff-treffelsdorf.at\/index.php?rest_route=%2Fwp%2Fv2%2Fcomments&post=1780"}],"version-history":[{"count":1,"href":"https:\/\/www.ff-treffelsdorf.at\/index.php?rest_route=\/wp\/v2\/posts\/1780\/revisions"}],"predecessor-version":[{"id":1782,"href":"https:\/\/www.ff-treffelsdorf.at\/index.php?rest_route=\/wp\/v2\/posts\/1780\/revisions\/1782"}],"wp:featuredmedia":[{"embeddable":true,"href":"https:\/\/www.ff-treffelsdorf.at\/index.php?rest_route=\/wp\/v2\/media\/1781"}],"wp:attachment":[{"href":"https:\/\/www.ff-treffelsdorf.at\/index.php?rest_route=%2Fwp%2Fv2%2Fmedia&parent=1780"}],"wp:term":[{"taxonomy":"category","embeddable":true,"href":"https:\/\/www.ff-treffelsdorf.at\/index.php?rest_route=%2Fwp%2Fv2%2Fcategories&post=1780"},{"taxonomy":"post_tag","embeddable":true,"href":"https:\/\/www.ff-treffelsdorf.at\/index.php?rest_route=%2Fwp%2Fv2%2Ftags&post=1780"}],"curies":[{"name":"wp","href":"https:\/\/api.w.org\/{rel}","templated":true}]}}