{"id":1975,"date":"2023-08-01T17:45:24","date_gmt":"2023-08-01T15:45:24","guid":{"rendered":"https:\/\/www.ff-treffelsdorf.at\/?p=1975"},"modified":"2023-08-01T17:45:24","modified_gmt":"2023-08-01T15:45:24","slug":"unwettereinsaetze-glanegg","status":"publish","type":"post","link":"https:\/\/www.ff-treffelsdorf.at\/?p=1975","title":{"rendered":"Unwettereins\u00e4tze Glanegg"},"content":{"rendered":"\n<p>Am 25.07 wurden wir telefonisch, von der Freiwilligen Feuerwehr Glanegg &#8211; Maria Feicht, zur Unterst\u00fctzung bei Unwettereins\u00e4tzen alarmiert. Ein heftiges Unwetter, mit Sturm und Hagel, zog \u00fcber die Gemeinde Glanegg hinweg und hinterlie\u00df unterwasserstehende Keller, B\u00e4ume auf Fahrbahnen und besch\u00e4digte Stra\u00dfen. Unsere Kameraden standen mit TLFA und MZF-A, sowie unserem Katastrophenanh\u00e4nger, ca. 5,5 Stunden im Einsatz.<\/p>\n","protected":false},"excerpt":{"rendered":"<p>Am 25.07 wurden wir telefonisch, von der Freiwilligen Feuerwehr Glanegg &#8211; Maria Feicht, zur Unterst\u00fctzung bei Unwettereins\u00e4tzen alarmiert. Ein heftiges Unwetter, mit Sturm und Hagel, zog \u00fcber die Gemeinde Glanegg hinweg und hinterlie\u00df unterwasserstehende Keller, B\u00e4ume auf Fahrbahnen und besch\u00e4digte Stra\u00dfen. Unsere Kameraden standen mit TLFA und MZF-A, sowie unserem Katastrophenanh\u00e4nger, ca. 5,5 Stunden im<\/p><\/div>\n<div class=\"blog-btn\"><a href=\"https:\/\/www.ff-treffelsdorf.at\/?p=1975\" class=\"home-blog-btn\">Weiterlesen<\/a><\/p>\n","protected":false},"author":2,"featured_media":1976,"comment_status":"open","ping_status":"open","sticky":false,"template":"","format":"standard","meta":{"footnotes":""},"categories":[1,5],"tags":[],"class_list":["post-1975","post","type-post","status-publish","format-standard","has-post-thumbnail","hentry","category-allgemein","category-einsatz"],"_links":{"self":[{"href":"https:\/\/www.ff-treffelsdorf.at\/index.php?rest_route=\/wp\/v2\/posts\/1975","targetHints":{"allow":["GET"]}}],"collection":[{"href":"https:\/\/www.ff-treffelsdorf.at\/index.php?rest_route=\/wp\/v2\/posts"}],"about":[{"href":"https:\/\/www.ff-treffelsdorf.at\/index.php?rest_route=\/wp\/v2\/types\/post"}],"author":[{"embeddable":true,"href":"https:\/\/www.ff-treffelsdorf.at\/index.php?rest_route=\/wp\/v2\/users\/2"}],"replies":[{"embeddable":true,"href":"https:\/\/www.ff-treffelsdorf.at\/index.php?rest_route=%2Fwp%2Fv2%2Fcomments&post=1975"}],"version-history":[{"count":1,"href":"https:\/\/www.ff-treffelsdorf.at\/index.php?rest_route=\/wp\/v2\/posts\/1975\/revisions"}],"predecessor-version":[{"id":1977,"href":"https:\/\/www.ff-treffelsdorf.at\/index.php?rest_route=\/wp\/v2\/posts\/1975\/revisions\/1977"}],"wp:featuredmedia":[{"embeddable":true,"href":"https:\/\/www.ff-treffelsdorf.at\/index.php?rest_route=\/wp\/v2\/media\/1976"}],"wp:attachment":[{"href":"https:\/\/www.ff-treffelsdorf.at\/index.php?rest_route=%2Fwp%2Fv2%2Fmedia&parent=1975"}],"wp:term":[{"taxonomy":"category","embeddable":true,"href":"https:\/\/www.ff-treffelsdorf.at\/index.php?rest_route=%2Fwp%2Fv2%2Fcategories&post=1975"},{"taxonomy":"post_tag","embeddable":true,"href":"https:\/\/www.ff-treffelsdorf.at\/index.php?rest_route=%2Fwp%2Fv2%2Ftags&post=1975"}],"curies":[{"name":"wp","href":"https:\/\/api.w.org\/{rel}","templated":true}]}}