{"id":2305,"date":"2026-03-27T20:34:10","date_gmt":"2026-03-27T19:34:10","guid":{"rendered":"https:\/\/www.ff-treffelsdorf.at\/?p=2305"},"modified":"2026-03-27T20:34:10","modified_gmt":"2026-03-27T19:34:10","slug":"wohnhausbrand-st-veit","status":"publish","type":"post","link":"https:\/\/www.ff-treffelsdorf.at\/?p=2305","title":{"rendered":"Wohnhausbrand St.Veit"},"content":{"rendered":"\n<p>Heute wurden wir zu einem Wohnhausbrand nach St.Veit an der Glan alarmiert. Wir stellten einen Atemschutztrupp f\u00fcr mehrere Innenangriffe, einen MRAS Trupp f\u00fcr Nachl\u00f6scharbeiten am Dach, f\u00fchrten einen Au\u00dfenangriff durch, unterst\u00fctzen mit unserer Tragkraftspritze die L\u00f6schwasserversorgung und f\u00fchrten Versorgungsfahrten f\u00fcr den Atemschutzsammelplatz durch.<\/p>\n\n\n\n<p>Nach ca. 6 Stunden konnten wir wieder ins R\u00fcsthaus einr\u00fccken.<\/p>\n\n\n\n<p>Wir bedanken uns bei allen beteiligten Einsatzkr\u00e4ften f\u00fcr die tolle und reibungslose Zusammenarbeit.<\/p>\n","protected":false},"excerpt":{"rendered":"<p>Heute wurden wir zu einem Wohnhausbrand nach St.Veit an der Glan alarmiert. Wir stellten einen Atemschutztrupp f\u00fcr mehrere Innenangriffe, einen MRAS Trupp f\u00fcr Nachl\u00f6scharbeiten am Dach, f\u00fchrten einen Au\u00dfenangriff durch, unterst\u00fctzen mit unserer Tragkraftspritze die L\u00f6schwasserversorgung und f\u00fchrten Versorgungsfahrten f\u00fcr den Atemschutzsammelplatz durch. Nach ca. 6 Stunden konnten wir wieder ins R\u00fcsthaus einr\u00fccken. Wir bedanken<\/p><\/div>\n<div class=\"blog-btn\"><a href=\"https:\/\/www.ff-treffelsdorf.at\/?p=2305\" class=\"home-blog-btn\">Weiterlesen<\/a><\/p>\n","protected":false},"author":2,"featured_media":2304,"comment_status":"closed","ping_status":"open","sticky":false,"template":"","format":"standard","meta":{"footnotes":""},"categories":[1,5],"tags":[],"class_list":["post-2305","post","type-post","status-publish","format-standard","has-post-thumbnail","hentry","category-allgemein","category-einsatz"],"_links":{"self":[{"href":"https:\/\/www.ff-treffelsdorf.at\/index.php?rest_route=\/wp\/v2\/posts\/2305","targetHints":{"allow":["GET"]}}],"collection":[{"href":"https:\/\/www.ff-treffelsdorf.at\/index.php?rest_route=\/wp\/v2\/posts"}],"about":[{"href":"https:\/\/www.ff-treffelsdorf.at\/index.php?rest_route=\/wp\/v2\/types\/post"}],"author":[{"embeddable":true,"href":"https:\/\/www.ff-treffelsdorf.at\/index.php?rest_route=\/wp\/v2\/users\/2"}],"replies":[{"embeddable":true,"href":"https:\/\/www.ff-treffelsdorf.at\/index.php?rest_route=%2Fwp%2Fv2%2Fcomments&post=2305"}],"version-history":[{"count":1,"href":"https:\/\/www.ff-treffelsdorf.at\/index.php?rest_route=\/wp\/v2\/posts\/2305\/revisions"}],"predecessor-version":[{"id":2306,"href":"https:\/\/www.ff-treffelsdorf.at\/index.php?rest_route=\/wp\/v2\/posts\/2305\/revisions\/2306"}],"wp:featuredmedia":[{"embeddable":true,"href":"https:\/\/www.ff-treffelsdorf.at\/index.php?rest_route=\/wp\/v2\/media\/2304"}],"wp:attachment":[{"href":"https:\/\/www.ff-treffelsdorf.at\/index.php?rest_route=%2Fwp%2Fv2%2Fmedia&parent=2305"}],"wp:term":[{"taxonomy":"category","embeddable":true,"href":"https:\/\/www.ff-treffelsdorf.at\/index.php?rest_route=%2Fwp%2Fv2%2Fcategories&post=2305"},{"taxonomy":"post_tag","embeddable":true,"href":"https:\/\/www.ff-treffelsdorf.at\/index.php?rest_route=%2Fwp%2Fv2%2Ftags&post=2305"}],"curies":[{"name":"wp","href":"https:\/\/api.w.org\/{rel}","templated":true}]}}